{"id":16947,"date":"2021-03-25T12:24:26","date_gmt":"2021-03-25T15:24:26","guid":{"rendered":"\/blog\/?p=16947"},"modified":"2024-04-22T10:54:04","modified_gmt":"2024-04-22T13:54:04","slug":"5-passos-para-arrumar-a-tela-de-notebook-de-cabeca-para-baixo","status":"publish","type":"post","link":"https:\/\/www.bringit.com.br\/blog\/5-passos-para-arrumar-a-tela-de-notebook-de-cabeca-para-baixo\/","title":{"rendered":"5 passos para arrumar a tela de notebook de cabe\u00e7a para baixo"},"content":{"rendered":"\n<p>Todo usu\u00e1rio de <a href=\"https:\/\/www.bringit.com.br\/notebook-dell-inspiron-3567-v2-open-box.html\">notebook<\/a> j\u00e1 passou pela situa\u00e7\u00e3o de pressionar algumas teclas acidentalmente e desconfigurar completamente as fun\u00e7\u00f5es do dispositivo, e <strong>de repente a tela do seu notebook fica de cabe\u00e7a para baixo e voc\u00ea n\u00e3o saber o que fazer.<\/strong><\/p>\n\n\n\n<p>Desvirar a tela do notebook \u00e9 um processo muito simples executado em um computador com Windows. Isso pode acontecer com modelos de marcas como Macro A, Dell, Samsung, HP, Lenovo e Positivo.<\/p>\n\n\n\n<p><strong>Se a <a href=\"https:\/\/www.bringit.com.br\/tela-para-notebook.html\" target=\"_blank\" rel=\"noreferrer noopener\">tela <\/a>estiver de cabe\u00e7a para baixo, consulte o seguinte tutorial para resolver este problema.<\/strong> O foco deste passo a passo \u00e9 o Windows 10, mas se voc\u00ea estiver usando uma vers\u00e3o anterior do sistema operacional da Microsoft, tamb\u00e9m poder\u00e1 seguir as nossas dicas. Confira agora mesmo!<\/p>\n\n\n\n<h2 class=\"wp-block-heading\">Identificando as causas de tela de notebook de cabe\u00e7a para baixo<\/h2>\n\n\n\n<p>Sistemas operacionais como Windows e macOS usam teclas de atalho para facilitar a execu\u00e7\u00e3o de certas fun\u00e7\u00f5es. Salve o arquivo, feche o programa, mude a tela: use essas t\u00e9cnicas para completar todas essas opera\u00e7\u00f5es com mais rapidez.<\/p>\n\n\n\n<p>Voc\u00ea sabia que pode ver todos os documentos abertos pressionando Ctrl Alt Tab ao mesmo tempo no Windows? Existem muitas listas de atalhos e, se voc\u00ea as conhece, pode melhorar muito a efici\u00eancia do seu trabalho.<\/p>\n\n\n\n<p>O problema \u00e9 quando voc\u00ea acidentalmente executa o atalho e cai em uma situa\u00e7\u00e3o inesperada. Uma tela de notebook de cabe\u00e7a para baixo \u00e9 uma dessas situa\u00e7\u00f5es. Talvez ela estivesse de lado ou mesmo de cabe\u00e7a para baixo. N\u00e3o se preocupe, isso \u00e9 f\u00e1cil de consertar.<\/p>\n\n\n\n<h2 class=\"wp-block-heading\">Consertando o que causou a tela de notebook ficar de cabe\u00e7a para baixo<\/h2>\n\n\n\n<p>Entendemos que podem ser muitas as causas que fizeram que viraram a tela do seu notebook, por isso preparamos um guia para voc\u00ea consertar facilmente<\/p>\n\n\n\n<figure class=\"wp-block-image size-large is-style-default\"><img fetchpriority=\"high\" decoding=\"async\" width=\"1024\" height=\"683\" src=\"\/blog\/wp-content\/uploads\/2021\/03\/nordwood-themes-_sg8nXmpWDM-unsplash-1024x683.jpg\" alt=\"Notebook Mac com tela aberta sobre mesa e fundo branco\" class=\"wp-image-17014\" srcset=\"https:\/\/www.bringit.com.br\/blog\/wp-content\/uploads\/2021\/03\/nordwood-themes-_sg8nXmpWDM-unsplash-1024x683.jpg 1024w, https:\/\/www.bringit.com.br\/blog\/wp-content\/uploads\/2021\/03\/nordwood-themes-_sg8nXmpWDM-unsplash-300x200.jpg 300w, https:\/\/www.bringit.com.br\/blog\/wp-content\/uploads\/2021\/03\/nordwood-themes-_sg8nXmpWDM-unsplash-768x512.jpg 768w, https:\/\/www.bringit.com.br\/blog\/wp-content\/uploads\/2021\/03\/nordwood-themes-_sg8nXmpWDM-unsplash-1536x1024.jpg 1536w, https:\/\/www.bringit.com.br\/blog\/wp-content\/uploads\/2021\/03\/nordwood-themes-_sg8nXmpWDM-unsplash-2048x1365.jpg 2048w, https:\/\/www.bringit.com.br\/blog\/wp-content\/uploads\/2021\/03\/nordwood-themes-_sg8nXmpWDM-unsplash-370x247.jpg 370w\" sizes=\"(max-width: 1024px) 100vw, 1024px\" \/><\/figure>\n\n\n\n<h3 class=\"wp-block-heading\">Desvirando por comandos de atalhos<\/h3>\n\n\n\n<p>Al\u00e9m daqueles que pretendem <a href=\"https:\/\/www.bringit.com.br\/blog\/manutencao-de-notebook\/descubra-como-girar-a-tela-do-notebook\/#:~:text=Se%20o%20seu%20notebook%20fizer,para%20a%20rota%C3%A7%C3%A3o%20na%20vertical.\" target=\"_blank\" rel=\"noreferrer noopener\">girar a tela<\/a>, tamb\u00e9m pode haver pessoas que sa\u00edram da tela sem querer. Se for esse o caso, saiba que essa solu\u00e7\u00e3o tamb\u00e9m funcionar\u00e1 para voc\u00ea.<\/p>\n\n\n\n<p>\u00c9 poss\u00edvel girar a tela do Windows em 90 \u00b0 ou 180 \u00b0? Sim, \u00e9 f\u00e1cil de fazer, especialmente porque existem atalhos de teclado para fazer isso. Normalmente, os usu\u00e1rios acabam pressionando este atalho sem querer e colocam a tela no modo retrato ou de cabe\u00e7a para baixo. Em qualquer caso, veja sem esfor\u00e7o como girar a tela do notebook com sistema operacional Windows.<\/p>\n\n\n\n<p>A marca do notebook \u00e9 irrelevante! Seja Samsung, Lenovo, Acer ou Positivo, a solu\u00e7\u00e3o \u00e9 a mesma. Existem v\u00e1rias maneiras de resolver esse problema, use as teclas de atalho e a tela do computador pode ser girada em todas as dire\u00e7\u00f5es:<\/p>\n\n\n\n<p>Ctrl Alt seta para a direita: a tela \u00e9 vertical, da direita para a esquerda; Ctrl Alt seta para baixo: a tela \u00e9 horizontal, mas de cabe\u00e7a para baixo; Ctrl Alt seta para a esquerda: A tela tamb\u00e9m \u00e9 vertical, mas a dire\u00e7\u00e3o \u00e9 oposta \u00e0 dire\u00e7\u00e3o anterior &#8211; da esquerda para a direita; Ctrl Alt Seta para cima: A tela est\u00e1 na posi\u00e7\u00e3o &#8220;correta&#8221; &#8211; a posi\u00e7\u00e3o que normalmente usamos.<\/p>\n\n\n\n<p>Portanto, \u00e9 f\u00e1cil de entender, se voc\u00ea quiser virar a tela do notebook e voltar \u00e0 posi\u00e7\u00e3o original, basta pressionar as teclas Ctrl, Alt e seta para cima ao mesmo tempo!<\/p>\n\n\n\n<h3 class=\"wp-block-heading\">Ajustes do sistema<\/h3>\n\n\n\n<p>Como o nome indica, as teclas de atalho s\u00e3o o caminho mais curto para as fun\u00e7\u00f5es existentes no computador. Voc\u00ea tamb\u00e9m pode virar a tela do seu notebook da maneira tradicional. Por exemplo, isso pode ser \u00fatil se voc\u00ea tiver um problema com o teclado.<\/p>\n\n\n\n<p>Nesse caso, siga estas etapas: V\u00e1 para a \u00e1rea de trabalho e clique com o bot\u00e3o direito do mouse. Sele\u00e7\u00e3o: Configura\u00e7\u00f5es de exibi\u00e7\u00e3o. No menu lateral \u00e0 esquerda, clique em V\u00eddeo. Role a barra de rolagem at\u00e9 a op\u00e7\u00e3o &#8220;Dire\u00e7\u00e3o&#8221;. Escolha um modelo horizontal. prepare-se! Dessa forma, sua tela voltar\u00e1 ao normal. As demais op\u00e7\u00f5es dispon\u00edveis nesse menu s\u00e3o as mesmas realizadas pelas teclas de atalho.<\/p>\n\n\n\n<h3 class=\"wp-block-heading\">Identifique a placa de v\u00eddeo<\/h3>\n\n\n\n<p>O processo de rota\u00e7\u00e3o da tela depende da placa de v\u00eddeo que voc\u00ea est\u00e1 usando e seu driver pode dominar o controle de rota\u00e7\u00e3o do Windows. Conhecer sua placa de v\u00eddeo tornar\u00e1 mais f\u00e1cil encontrar os controles de rota\u00e7\u00e3o. Pressione o s\u00edmbolo Win R e digite dxdiag para abrir a ferramenta de diagn\u00f3stico DirectX (\u00e9 necess\u00e1rio acesso \u00e0 Internet) Clique na guia Exibir para verificar qual placa de v\u00eddeo est\u00e1 instalada.<\/p>\n\n\n\n<p>Essa consulta vai determinar qual procedimento mais adequado, pois caso voc\u00ea n\u00e3o consiga desvirar a tela de jeito nenhuma, essa informa\u00e7\u00e3o ser\u00e1 \u00fatil e relevante para uma equipe t\u00e9cnica especializada que pode reconfigurar o seu notebook e aprimorar o desempenho do dispositivo.<\/p>\n\n\n\n<h2 class=\"wp-block-heading\">Procedimentos adicionais<\/h2>\n\n\n\n<p>Dependendo do hardware gr\u00e1fico do seu notebook, voc\u00ea tamb\u00e9m pode usar a op\u00e7\u00e3o de girar a tela do notebook nos drivers gr\u00e1ficos Intel, NVIDIA ou AMD. No entanto, a op\u00e7\u00e3o interna do Windows deve estar dispon\u00edvel em todos os computadores.<\/p>\n\n\n\n<p>Se o Windows n\u00e3o puder alterar o \u00e2ngulo de rota\u00e7\u00e3o da tela por algum motivo, voc\u00ea pode usar o painel de controle do driver gr\u00e1fico para alter\u00e1-lo. Em um notebook com placa de v\u00eddeo Intel, clique com o bot\u00e3o direito na \u00e1rea de trabalho e selecione &#8220;Configura\u00e7\u00f5es da placa de v\u00eddeo Intel&#8221;.<\/p>\n\n\n\n<p>Selecione &#8220;Exibir&#8221; e, em seguida, selecione a dire\u00e7\u00e3o de exibi\u00e7\u00e3o. Esta op\u00e7\u00e3o n\u00e3o est\u00e1 dispon\u00edvel em um de nossos PCs com recursos gr\u00e1ficos da Intel, portanto, temos que usar o aplicativo de configura\u00e7\u00e3o padr\u00e3o do Windows. Ele s\u00f3 aparecer\u00e1 aqui em alguns PCs.<\/p>\n\n\n\n<p>Em PCs com gr\u00e1ficos AMD, esta op\u00e7\u00e3o n\u00e3o aparece mais na vers\u00e3o mais recente do Catalyst Control Center. Anteriormente, ele estava localizado em &#8220;Tarefas gerais de exibi\u00e7\u00e3o&#8221; neste aplicativo, mas agora a rota\u00e7\u00e3o da tela precisa ser alterada no aplicativo Configura\u00e7\u00f5es padr\u00e3o do Windows ou no &#8220;Painel de controle&#8221;.<\/p>\n\n\n\n<p>Em um PC com placa de v\u00eddeo NVIDIA, clique com o bot\u00e3o direito na \u00e1rea de trabalho e selecione &#8220;Painel de controle NVIDIA&#8221;. Selecione &#8220;Girar exibi\u00e7\u00e3o&#8221; em &#8220;Exibir&#8221; e, em seguida, selecione a orienta\u00e7\u00e3o da tela.<\/p>\n\n\n\n<p>Por fim, \u00e9 importante destacar que em algumas situa\u00e7\u00f5es espec\u00edficas, \u00e9 \u00fatil visualizar o computador de outro local. Por exemplo, se voc\u00ea precisar instalar o dispositivo em um local inacess\u00edvel, esse recurso de girar a tela facilita seu trabalho.<\/p>\n\n\n\n<p>Ent\u00e3o, quer saber mais procedimentos acerca da tela do notebook? Acesse agora mesmo nosso <a href=\"https:\/\/www.bringit.com.br\/blog\/\">blog<\/a> !<\/p>\n","protected":false},"excerpt":{"rendered":"<p>Todo usu\u00e1rio de notebook j\u00e1 passou pela situa\u00e7\u00e3o de pressionar algumas teclas acidentalmente e desconfigurar completamente as fun\u00e7\u00f5es do dispositivo, e de repente a tela do seu notebook fica de cabe\u00e7a para baixo e voc\u00ea n\u00e3o saber o que fazer. Desvirar a tela do notebook \u00e9 um processo muito simples executado em um computador com [&hellip;]<\/p>\n","protected":false},"author":21,"featured_media":17012,"comment_status":"closed","ping_status":"closed","sticky":false,"template":"","format":"standard","meta":{"footnotes":""},"categories":[5],"tags":[],"class_list":["post-16947","post","type-post","status-publish","format-standard","has-post-thumbnail","hentry","category-dicas-e-tutoriais-para-notebook"],"yoast_head":"<!-- This site is optimized with the Yoast SEO plugin v27.4 - https:\/\/yoast.com\/product\/yoast-seo-wordpress\/ -->\n<title>5 passos para arrumar a tela de notebook de cabe\u00e7a para baixo - Blog bringIT<\/title>\n<meta name=\"description\" content=\"arruma a tela de notebook de cabe\u00e7a para baixo \u00e9 um processo muito simples para ser executado, portanto \u00e9 necess\u00e1rio saber os passos certos. Confira aqui!\" \/>\n<meta name=\"robots\" content=\"index, follow, max-snippet:-1, max-image-preview:large, max-video-preview:-1\" \/>\n<link rel=\"canonical\" href=\"https:\/\/www.bringit.com.br\/blog\/5-passos-para-arrumar-a-tela-de-notebook-de-cabeca-para-baixo\/\" \/>\n<meta property=\"og:locale\" content=\"pt_BR\" \/>\n<meta property=\"og:type\" content=\"article\" \/>\n<meta property=\"og:title\" content=\"5 passos para arrumar a tela de notebook de cabe\u00e7a para baixo - Blog bringIT\" \/>\n<meta property=\"og:description\" content=\"arruma a tela de notebook de cabe\u00e7a para baixo \u00e9 um processo muito simples para ser executado, portanto \u00e9 necess\u00e1rio saber os passos certos. Confira aqui!\" \/>\n<meta property=\"og:url\" content=\"https:\/\/www.bringit.com.br\/blog\/5-passos-para-arrumar-a-tela-de-notebook-de-cabeca-para-baixo\/\" \/>\n<meta property=\"og:site_name\" content=\"Blog bringIT\" \/>\n<meta property=\"article:publisher\" content=\"https:\/\/www.facebook.com\/bringit.br\/\" \/>\n<meta property=\"article:published_time\" content=\"2021-03-25T15:24:26+00:00\" \/>\n<meta property=\"article:modified_time\" content=\"2024-04-22T13:54:04+00:00\" \/>\n<meta property=\"og:image\" content=\"https:\/\/www.bringit.com.br\/blog\/wp-content\/uploads\/2021\/03\/bruce-mars-xj8qrWvuOEs-unsplash_Easy-Resize.com-1.jpg\" \/>\n\t<meta property=\"og:image:width\" content=\"1280\" \/>\n\t<meta property=\"og:image:height\" content=\"853\" \/>\n\t<meta property=\"og:image:type\" content=\"image\/jpeg\" \/>\n<meta name=\"author\" content=\"Welysson\" \/>\n<meta name=\"twitter:label1\" content=\"Escrito por\" \/>\n\t<meta name=\"twitter:data1\" content=\"Welysson\" \/>\n\t<meta name=\"twitter:label2\" content=\"Est. tempo de leitura\" \/>\n\t<meta name=\"twitter:data2\" content=\"5 minutos\" \/>\n<script type=\"application\/ld+json\" class=\"yoast-schema-graph\">{\"@context\":\"https:\\\/\\\/schema.org\",\"@graph\":[{\"@type\":\"Article\",\"@id\":\"https:\\\/\\\/www.bringit.com.br\\\/blog\\\/5-passos-para-arrumar-a-tela-de-notebook-de-cabeca-para-baixo\\\/#article\",\"isPartOf\":{\"@id\":\"https:\\\/\\\/www.bringit.com.br\\\/blog\\\/5-passos-para-arrumar-a-tela-de-notebook-de-cabeca-para-baixo\\\/\"},\"author\":{\"name\":\"Welysson\",\"@id\":\"https:\\\/\\\/www.bringit.com.br\\\/blog\\\/#\\\/schema\\\/person\\\/6a38e637dadcba1840853015559e41ef\"},\"headline\":\"5 passos para arrumar a tela de notebook de cabe\u00e7a para baixo\",\"datePublished\":\"2021-03-25T15:24:26+00:00\",\"dateModified\":\"2024-04-22T13:54:04+00:00\",\"mainEntityOfPage\":{\"@id\":\"https:\\\/\\\/www.bringit.com.br\\\/blog\\\/5-passos-para-arrumar-a-tela-de-notebook-de-cabeca-para-baixo\\\/\"},\"wordCount\":1131,\"publisher\":{\"@id\":\"https:\\\/\\\/www.bringit.com.br\\\/blog\\\/#organization\"},\"image\":{\"@id\":\"https:\\\/\\\/www.bringit.com.br\\\/blog\\\/5-passos-para-arrumar-a-tela-de-notebook-de-cabeca-para-baixo\\\/#primaryimage\"},\"thumbnailUrl\":\"https:\\\/\\\/www.bringit.com.br\\\/blog\\\/wp-content\\\/uploads\\\/2021\\\/03\\\/bruce-mars-xj8qrWvuOEs-unsplash_Easy-Resize.com-1.jpg\",\"articleSection\":[\"Dicas e Tutoriais\"],\"inLanguage\":\"pt-BR\"},{\"@type\":\"WebPage\",\"@id\":\"https:\\\/\\\/www.bringit.com.br\\\/blog\\\/5-passos-para-arrumar-a-tela-de-notebook-de-cabeca-para-baixo\\\/\",\"url\":\"https:\\\/\\\/www.bringit.com.br\\\/blog\\\/5-passos-para-arrumar-a-tela-de-notebook-de-cabeca-para-baixo\\\/\",\"name\":\"5 passos para arrumar a tela de notebook de cabe\u00e7a para baixo - Blog bringIT\",\"isPartOf\":{\"@id\":\"https:\\\/\\\/www.bringit.com.br\\\/blog\\\/#website\"},\"primaryImageOfPage\":{\"@id\":\"https:\\\/\\\/www.bringit.com.br\\\/blog\\\/5-passos-para-arrumar-a-tela-de-notebook-de-cabeca-para-baixo\\\/#primaryimage\"},\"image\":{\"@id\":\"https:\\\/\\\/www.bringit.com.br\\\/blog\\\/5-passos-para-arrumar-a-tela-de-notebook-de-cabeca-para-baixo\\\/#primaryimage\"},\"thumbnailUrl\":\"https:\\\/\\\/www.bringit.com.br\\\/blog\\\/wp-content\\\/uploads\\\/2021\\\/03\\\/bruce-mars-xj8qrWvuOEs-unsplash_Easy-Resize.com-1.jpg\",\"datePublished\":\"2021-03-25T15:24:26+00:00\",\"dateModified\":\"2024-04-22T13:54:04+00:00\",\"description\":\"arruma a tela de notebook de cabe\u00e7a para baixo \u00e9 um processo muito simples para ser executado, portanto \u00e9 necess\u00e1rio saber os passos certos. Confira aqui!\",\"breadcrumb\":{\"@id\":\"https:\\\/\\\/www.bringit.com.br\\\/blog\\\/5-passos-para-arrumar-a-tela-de-notebook-de-cabeca-para-baixo\\\/#breadcrumb\"},\"inLanguage\":\"pt-BR\",\"potentialAction\":[{\"@type\":\"ReadAction\",\"target\":[\"https:\\\/\\\/www.bringit.com.br\\\/blog\\\/5-passos-para-arrumar-a-tela-de-notebook-de-cabeca-para-baixo\\\/\"]}]},{\"@type\":\"ImageObject\",\"inLanguage\":\"pt-BR\",\"@id\":\"https:\\\/\\\/www.bringit.com.br\\\/blog\\\/5-passos-para-arrumar-a-tela-de-notebook-de-cabeca-para-baixo\\\/#primaryimage\",\"url\":\"https:\\\/\\\/www.bringit.com.br\\\/blog\\\/wp-content\\\/uploads\\\/2021\\\/03\\\/bruce-mars-xj8qrWvuOEs-unsplash_Easy-Resize.com-1.jpg\",\"contentUrl\":\"https:\\\/\\\/www.bringit.com.br\\\/blog\\\/wp-content\\\/uploads\\\/2021\\\/03\\\/bruce-mars-xj8qrWvuOEs-unsplash_Easy-Resize.com-1.jpg\",\"width\":1280,\"height\":853,\"caption\":\"Homem com m\u00e3o no queixo com um olhar perplexo sobre a tela do notebook que est\u00e1 de cabe\u00e7a para baixo\"},{\"@type\":\"BreadcrumbList\",\"@id\":\"https:\\\/\\\/www.bringit.com.br\\\/blog\\\/5-passos-para-arrumar-a-tela-de-notebook-de-cabeca-para-baixo\\\/#breadcrumb\",\"itemListElement\":[{\"@type\":\"ListItem\",\"position\":1,\"name\":\"In\u00edcio\",\"item\":\"https:\\\/\\\/www.bringit.com.br\\\/blog\\\/\"},{\"@type\":\"ListItem\",\"position\":2,\"name\":\"5 passos para arrumar a tela de notebook de cabe\u00e7a para baixo\"}]},{\"@type\":\"WebSite\",\"@id\":\"https:\\\/\\\/www.bringit.com.br\\\/blog\\\/#website\",\"url\":\"https:\\\/\\\/www.bringit.com.br\\\/blog\\\/\",\"name\":\"Blog bringIT\",\"description\":\"Novidades em notebooks e tecnologia\",\"publisher\":{\"@id\":\"https:\\\/\\\/www.bringit.com.br\\\/blog\\\/#organization\"},\"potentialAction\":[{\"@type\":\"SearchAction\",\"target\":{\"@type\":\"EntryPoint\",\"urlTemplate\":\"https:\\\/\\\/www.bringit.com.br\\\/blog\\\/?s={search_term_string}\"},\"query-input\":{\"@type\":\"PropertyValueSpecification\",\"valueRequired\":true,\"valueName\":\"search_term_string\"}}],\"inLanguage\":\"pt-BR\"},{\"@type\":\"Organization\",\"@id\":\"https:\\\/\\\/www.bringit.com.br\\\/blog\\\/#organization\",\"name\":\"Blog bringIT\",\"url\":\"https:\\\/\\\/www.bringit.com.br\\\/blog\\\/\",\"logo\":{\"@type\":\"ImageObject\",\"inLanguage\":\"pt-BR\",\"@id\":\"https:\\\/\\\/www.bringit.com.br\\\/blog\\\/#\\\/schema\\\/logo\\\/image\\\/\",\"url\":\"https:\\\/\\\/www.bringit.com.br\\\/blog\\\/wp-content\\\/uploads\\\/2023\\\/08\\\/01.png\",\"contentUrl\":\"https:\\\/\\\/www.bringit.com.br\\\/blog\\\/wp-content\\\/uploads\\\/2023\\\/08\\\/01.png\",\"width\":878,\"height\":138,\"caption\":\"Blog bringIT\"},\"image\":{\"@id\":\"https:\\\/\\\/www.bringit.com.br\\\/blog\\\/#\\\/schema\\\/logo\\\/image\\\/\"},\"sameAs\":[\"https:\\\/\\\/www.facebook.com\\\/bringit.br\\\/\",\"https:\\\/\\\/www.instagram.com\\\/bringit.br\\\/\",\"https:\\\/\\\/br.linkedin.com\\\/company\\\/bringit-br\",\"https:\\\/\\\/www.youtube.com\\\/user\\\/bringitce\"]},{\"@type\":\"Person\",\"@id\":\"https:\\\/\\\/www.bringit.com.br\\\/blog\\\/#\\\/schema\\\/person\\\/6a38e637dadcba1840853015559e41ef\",\"name\":\"Welysson\"}]}<\/script>\n<!-- \/ Yoast SEO plugin. -->","yoast_head_json":{"title":"5 passos para arrumar a tela de notebook de cabe\u00e7a para baixo - Blog bringIT","description":"arruma a tela de notebook de cabe\u00e7a para baixo \u00e9 um processo muito simples para ser executado, portanto \u00e9 necess\u00e1rio saber os passos certos. Confira aqui!","robots":{"index":"index","follow":"follow","max-snippet":"max-snippet:-1","max-image-preview":"max-image-preview:large","max-video-preview":"max-video-preview:-1"},"canonical":"https:\/\/www.bringit.com.br\/blog\/5-passos-para-arrumar-a-tela-de-notebook-de-cabeca-para-baixo\/","og_locale":"pt_BR","og_type":"article","og_title":"5 passos para arrumar a tela de notebook de cabe\u00e7a para baixo - Blog bringIT","og_description":"arruma a tela de notebook de cabe\u00e7a para baixo \u00e9 um processo muito simples para ser executado, portanto \u00e9 necess\u00e1rio saber os passos certos. Confira aqui!","og_url":"https:\/\/www.bringit.com.br\/blog\/5-passos-para-arrumar-a-tela-de-notebook-de-cabeca-para-baixo\/","og_site_name":"Blog bringIT","article_publisher":"https:\/\/www.facebook.com\/bringit.br\/","article_published_time":"2021-03-25T15:24:26+00:00","article_modified_time":"2024-04-22T13:54:04+00:00","og_image":[{"width":1280,"height":853,"url":"https:\/\/www.bringit.com.br\/blog\/wp-content\/uploads\/2021\/03\/bruce-mars-xj8qrWvuOEs-unsplash_Easy-Resize.com-1.jpg","type":"image\/jpeg"}],"author":"Welysson","twitter_misc":{"Escrito por":"Welysson","Est. tempo de leitura":"5 minutos"},"schema":{"@context":"https:\/\/schema.org","@graph":[{"@type":"Article","@id":"https:\/\/www.bringit.com.br\/blog\/5-passos-para-arrumar-a-tela-de-notebook-de-cabeca-para-baixo\/#article","isPartOf":{"@id":"https:\/\/www.bringit.com.br\/blog\/5-passos-para-arrumar-a-tela-de-notebook-de-cabeca-para-baixo\/"},"author":{"name":"Welysson","@id":"https:\/\/www.bringit.com.br\/blog\/#\/schema\/person\/6a38e637dadcba1840853015559e41ef"},"headline":"5 passos para arrumar a tela de notebook de cabe\u00e7a para baixo","datePublished":"2021-03-25T15:24:26+00:00","dateModified":"2024-04-22T13:54:04+00:00","mainEntityOfPage":{"@id":"https:\/\/www.bringit.com.br\/blog\/5-passos-para-arrumar-a-tela-de-notebook-de-cabeca-para-baixo\/"},"wordCount":1131,"publisher":{"@id":"https:\/\/www.bringit.com.br\/blog\/#organization"},"image":{"@id":"https:\/\/www.bringit.com.br\/blog\/5-passos-para-arrumar-a-tela-de-notebook-de-cabeca-para-baixo\/#primaryimage"},"thumbnailUrl":"https:\/\/www.bringit.com.br\/blog\/wp-content\/uploads\/2021\/03\/bruce-mars-xj8qrWvuOEs-unsplash_Easy-Resize.com-1.jpg","articleSection":["Dicas e Tutoriais"],"inLanguage":"pt-BR"},{"@type":"WebPage","@id":"https:\/\/www.bringit.com.br\/blog\/5-passos-para-arrumar-a-tela-de-notebook-de-cabeca-para-baixo\/","url":"https:\/\/www.bringit.com.br\/blog\/5-passos-para-arrumar-a-tela-de-notebook-de-cabeca-para-baixo\/","name":"5 passos para arrumar a tela de notebook de cabe\u00e7a para baixo - Blog bringIT","isPartOf":{"@id":"https:\/\/www.bringit.com.br\/blog\/#website"},"primaryImageOfPage":{"@id":"https:\/\/www.bringit.com.br\/blog\/5-passos-para-arrumar-a-tela-de-notebook-de-cabeca-para-baixo\/#primaryimage"},"image":{"@id":"https:\/\/www.bringit.com.br\/blog\/5-passos-para-arrumar-a-tela-de-notebook-de-cabeca-para-baixo\/#primaryimage"},"thumbnailUrl":"https:\/\/www.bringit.com.br\/blog\/wp-content\/uploads\/2021\/03\/bruce-mars-xj8qrWvuOEs-unsplash_Easy-Resize.com-1.jpg","datePublished":"2021-03-25T15:24:26+00:00","dateModified":"2024-04-22T13:54:04+00:00","description":"arruma a tela de notebook de cabe\u00e7a para baixo \u00e9 um processo muito simples para ser executado, portanto \u00e9 necess\u00e1rio saber os passos certos. Confira aqui!","breadcrumb":{"@id":"https:\/\/www.bringit.com.br\/blog\/5-passos-para-arrumar-a-tela-de-notebook-de-cabeca-para-baixo\/#breadcrumb"},"inLanguage":"pt-BR","potentialAction":[{"@type":"ReadAction","target":["https:\/\/www.bringit.com.br\/blog\/5-passos-para-arrumar-a-tela-de-notebook-de-cabeca-para-baixo\/"]}]},{"@type":"ImageObject","inLanguage":"pt-BR","@id":"https:\/\/www.bringit.com.br\/blog\/5-passos-para-arrumar-a-tela-de-notebook-de-cabeca-para-baixo\/#primaryimage","url":"https:\/\/www.bringit.com.br\/blog\/wp-content\/uploads\/2021\/03\/bruce-mars-xj8qrWvuOEs-unsplash_Easy-Resize.com-1.jpg","contentUrl":"https:\/\/www.bringit.com.br\/blog\/wp-content\/uploads\/2021\/03\/bruce-mars-xj8qrWvuOEs-unsplash_Easy-Resize.com-1.jpg","width":1280,"height":853,"caption":"Homem com m\u00e3o no queixo com um olhar perplexo sobre a tela do notebook que est\u00e1 de cabe\u00e7a para baixo"},{"@type":"BreadcrumbList","@id":"https:\/\/www.bringit.com.br\/blog\/5-passos-para-arrumar-a-tela-de-notebook-de-cabeca-para-baixo\/#breadcrumb","itemListElement":[{"@type":"ListItem","position":1,"name":"In\u00edcio","item":"https:\/\/www.bringit.com.br\/blog\/"},{"@type":"ListItem","position":2,"name":"5 passos para arrumar a tela de notebook de cabe\u00e7a para baixo"}]},{"@type":"WebSite","@id":"https:\/\/www.bringit.com.br\/blog\/#website","url":"https:\/\/www.bringit.com.br\/blog\/","name":"Blog bringIT","description":"Novidades em notebooks e tecnologia","publisher":{"@id":"https:\/\/www.bringit.com.br\/blog\/#organization"},"potentialAction":[{"@type":"SearchAction","target":{"@type":"EntryPoint","urlTemplate":"https:\/\/www.bringit.com.br\/blog\/?s={search_term_string}"},"query-input":{"@type":"PropertyValueSpecification","valueRequired":true,"valueName":"search_term_string"}}],"inLanguage":"pt-BR"},{"@type":"Organization","@id":"https:\/\/www.bringit.com.br\/blog\/#organization","name":"Blog bringIT","url":"https:\/\/www.bringit.com.br\/blog\/","logo":{"@type":"ImageObject","inLanguage":"pt-BR","@id":"https:\/\/www.bringit.com.br\/blog\/#\/schema\/logo\/image\/","url":"https:\/\/www.bringit.com.br\/blog\/wp-content\/uploads\/2023\/08\/01.png","contentUrl":"https:\/\/www.bringit.com.br\/blog\/wp-content\/uploads\/2023\/08\/01.png","width":878,"height":138,"caption":"Blog bringIT"},"image":{"@id":"https:\/\/www.bringit.com.br\/blog\/#\/schema\/logo\/image\/"},"sameAs":["https:\/\/www.facebook.com\/bringit.br\/","https:\/\/www.instagram.com\/bringit.br\/","https:\/\/br.linkedin.com\/company\/bringit-br","https:\/\/www.youtube.com\/user\/bringitce"]},{"@type":"Person","@id":"https:\/\/www.bringit.com.br\/blog\/#\/schema\/person\/6a38e637dadcba1840853015559e41ef","name":"Welysson"}]}},"_links":{"self":[{"href":"https:\/\/www.bringit.com.br\/blog\/wp-json\/wp\/v2\/posts\/16947","targetHints":{"allow":["GET"]}}],"collection":[{"href":"https:\/\/www.bringit.com.br\/blog\/wp-json\/wp\/v2\/posts"}],"about":[{"href":"https:\/\/www.bringit.com.br\/blog\/wp-json\/wp\/v2\/types\/post"}],"author":[{"embeddable":true,"href":"https:\/\/www.bringit.com.br\/blog\/wp-json\/wp\/v2\/users\/21"}],"replies":[{"embeddable":true,"href":"https:\/\/www.bringit.com.br\/blog\/wp-json\/wp\/v2\/comments?post=16947"}],"version-history":[{"count":3,"href":"https:\/\/www.bringit.com.br\/blog\/wp-json\/wp\/v2\/posts\/16947\/revisions"}],"predecessor-version":[{"id":17016,"href":"https:\/\/www.bringit.com.br\/blog\/wp-json\/wp\/v2\/posts\/16947\/revisions\/17016"}],"wp:featuredmedia":[{"embeddable":true,"href":"https:\/\/www.bringit.com.br\/blog\/wp-json\/wp\/v2\/media\/17012"}],"wp:attachment":[{"href":"https:\/\/www.bringit.com.br\/blog\/wp-json\/wp\/v2\/media?parent=16947"}],"wp:term":[{"taxonomy":"category","embeddable":true,"href":"https:\/\/www.bringit.com.br\/blog\/wp-json\/wp\/v2\/categories?post=16947"},{"taxonomy":"post_tag","embeddable":true,"href":"https:\/\/www.bringit.com.br\/blog\/wp-json\/wp\/v2\/tags?post=16947"}],"curies":[{"name":"wp","href":"https:\/\/api.w.org\/{rel}","templated":true}]}}